{"id":2475,"date":"2023-09-14T13:29:39","date_gmt":"2023-09-14T11:29:39","guid":{"rendered":"http:\/\/collegealainfournierbordeaux.fr\/?p=2475"},"modified":"2023-09-14T17:22:55","modified_gmt":"2023-09-14T15:22:55","slug":"2475","status":"publish","type":"post","link":"http:\/\/collegealainfournierbordeaux.fr\/?p=2475","title":{"rendered":"Juin 2023 : les 3\u00e8mes en f\u00eate au centre Argonne"},"content":{"rendered":"<p>A la demande des \u00e9l\u00e8ves et \u00e0 l\u2019initiative de la PEEP, une des deux f\u00e9d\u00e9rations des parents d\u2019\u00e9l\u00e8ves de l\u2019\u00e9tablissement, nos 3\u00e8mes ont pu f\u00eater la fin de leur parcours de coll\u00e9gienne et coll\u00e9gien \u00e0 Alain-Fournier au centre d\u2019animation Argonne Nansouty Saint-Gen\u00e8s, une grande premi\u00e8re. On partage avec vous ce visuel de la soir\u00e9e du 4 juillet 2023 incluant des photos et une description de l\u2019action. Un grand merci \u00e0 la PEEP, aux enseignants qui se sont mobilis\u00e9s, ainsi qu\u2019\u00e0 Monsieur Charenton, le directeur du centre d\u2019animation, pour avoir permis la tenue de ce moment festif.<\/p>\n<div><iframe loading=\"lazy\" class=\"embed-pdf-viewer\" src=\"http:\/\/saqsyxv.cluster030.hosting.ovh.net\/wp-content\/uploads\/2023\/09\/Fete-fin-de-college-3emes-2023.pdf\" height=\"1000\" width=\"100%\" title=\"F\u00eate Fin De Coll\u00e8ge 3\u00e8mes 2023\"><\/iframe><\/p>\n<p><a href=\"http:\/\/saqsyxv.cluster030.hosting.ovh.net\/wp-content\/uploads\/2023\/09\/Fete-fin-de-college-3emes-2023.pdf\" title=\"F\u00eate Fin De Coll\u00e8ge 3\u00e8mes 2023\">F\u00eate Fin De Coll\u00e8ge 3\u00e8mes 2023<\/a><\/p>\n<\/div>\n<p><script src=\"moz-extension:\/\/8b2a63b8-f89f-4b6a-b7f8-f88edb2436b5\/js\/app.js\" type=\"text\/javascript\"><\/script><\/p>\n","protected":false},"excerpt":{"rendered":"<p>A la demande des \u00e9l\u00e8ves et \u00e0 l\u2019initiative de la PEEP, une des deux f\u00e9d\u00e9rations des parents d\u2019\u00e9l\u00e8ves de l\u2019\u00e9tablissement, nos 3\u00e8mes ont pu f\u00eater la fin de leur parcours de coll\u00e9gienne et coll\u00e9gien \u00e0 Alain-Fournier au centre d\u2019animation Argonne&#8230; <a class=\"more-link\" href=\"http:\/\/collegealainfournierbordeaux.fr\/?p=2475\">Continue Reading &rarr;<\/a><\/p>\n","protected":false},"author":1,"featured_media":2491,"comment_status":"closed","ping_status":"open","sticky":false,"template":"","format":"standard","meta":{"footnotes":""},"categories":[1],"tags":[],"class_list":["post-2475","post","type-post","status-publish","format-standard","has-post-thumbnail","hentry","category-non-classe"],"_links":{"self":[{"href":"http:\/\/collegealainfournierbordeaux.fr\/index.php?rest_route=\/wp\/v2\/posts\/2475","targetHints":{"allow":["GET"]}}],"collection":[{"href":"http:\/\/collegealainfournierbordeaux.fr\/index.php?rest_route=\/wp\/v2\/posts"}],"about":[{"href":"http:\/\/collegealainfournierbordeaux.fr\/index.php?rest_route=\/wp\/v2\/types\/post"}],"author":[{"embeddable":true,"href":"http:\/\/collegealainfournierbordeaux.fr\/index.php?rest_route=\/wp\/v2\/users\/1"}],"replies":[{"embeddable":true,"href":"http:\/\/collegealainfournierbordeaux.fr\/index.php?rest_route=%2Fwp%2Fv2%2Fcomments&post=2475"}],"version-history":[{"count":15,"href":"http:\/\/collegealainfournierbordeaux.fr\/index.php?rest_route=\/wp\/v2\/posts\/2475\/revisions"}],"predecessor-version":[{"id":2496,"href":"http:\/\/collegealainfournierbordeaux.fr\/index.php?rest_route=\/wp\/v2\/posts\/2475\/revisions\/2496"}],"wp:featuredmedia":[{"embeddable":true,"href":"http:\/\/collegealainfournierbordeaux.fr\/index.php?rest_route=\/wp\/v2\/media\/2491"}],"wp:attachment":[{"href":"http:\/\/collegealainfournierbordeaux.fr\/index.php?rest_route=%2Fwp%2Fv2%2Fmedia&parent=2475"}],"wp:term":[{"taxonomy":"category","embeddable":true,"href":"http:\/\/collegealainfournierbordeaux.fr\/index.php?rest_route=%2Fwp%2Fv2%2Fcategories&post=2475"},{"taxonomy":"post_tag","embeddable":true,"href":"http:\/\/collegealainfournierbordeaux.fr\/index.php?rest_route=%2Fwp%2Fv2%2Ftags&post=2475"}],"curies":[{"name":"wp","href":"https:\/\/api.w.org\/{rel}","templated":true}]}}