{"id":5108,"date":"2025-06-27T10:13:34","date_gmt":"2025-06-27T08:13:34","guid":{"rendered":"http:\/\/collegealainfournierbordeaux.fr\/?p=5108"},"modified":"2025-06-27T13:13:12","modified_gmt":"2025-06-27T11:13:12","slug":"une-eleve-du-college-honore-jean-moulin-au-pantheon","status":"publish","type":"post","link":"http:\/\/collegealainfournierbordeaux.fr\/?p=5108","title":{"rendered":"Une \u00e9l\u00e8ve du coll\u00e8ge honore Jean Moulin au Panth\u00e9on"},"content":{"rendered":"<p>L&rsquo;\u00e9dition 2025 du Concours national de la R\u00e9sistance et de la D\u00e9portation est \u00e0 marquer d&rsquo;une pierre blanche. Bien que le palmar\u00e8s ne sera officiellement connu qu&rsquo;\u00e0 partir de la rentr\u00e9e prochaine, une \u00e9l\u00e8ve de la classe d\u00e9fense a \u00e9t\u00e9 sollicit\u00e9e par le Minist\u00e8re des Arm\u00e9es pour prendre part \u00e0 une c\u00e9r\u00e9monie d&rsquo;hommage \u00e0 Jean Moulin au Panth\u00e9on le mardi 17 juin dernier. Ambre Botzung a donc eu l&rsquo;honneur de lire des extraits de \u00ab\u00a0Premier combat\u00a0\u00bb, le journal posthume du premier chef du Conseil national de la R\u00e9sistance, compagnon de la Lib\u00e9ration, disparu tragiquement en 1943. Il convient enfin de signaler que la 3C a \u00e9t\u00e9 re\u00e7ue, avec l&rsquo;ensemble des classes de Gironde prim\u00e9es au niveau acad\u00e9mique, par Pierre Hurmic, maire de Bordeaux, au Palais Rohan le jeudi 5 juin. Retrouvez la lecture d&rsquo;Ambre extraite de la vid\u00e9o de la c\u00e9r\u00e9monie, devant le Panth\u00e9on, tourn\u00e9e par le Minist\u00e8re des Arm\u00e9es. L&rsquo;ensemble de la communaut\u00e9 \u00e9ducative lui adresse ses plus chaleureuses f\u00e9licitations.<\/p>\n<div style=\"width: 640px;\" class=\"wp-video\"><video class=\"wp-video-shortcode\" id=\"video-5108-1\" width=\"640\" height=\"360\" preload=\"metadata\" controls=\"controls\"><source type=\"video\/mp4\" src=\"http:\/\/saqsyxv.cluster030.hosting.ovh.net\/wp-content\/uploads\/2025\/06\/Hommage-a-Jean-Moulin-au-Pantheon-17-juin-2025.mp4?_=1\" \/><a href=\"http:\/\/saqsyxv.cluster030.hosting.ovh.net\/wp-content\/uploads\/2025\/06\/Hommage-a-Jean-Moulin-au-Pantheon-17-juin-2025.mp4\">http:\/\/saqsyxv.cluster030.hosting.ovh.net\/wp-content\/uploads\/2025\/06\/Hommage-a-Jean-Moulin-au-Pantheon-17-juin-2025.mp4<\/a><\/video><\/div>\n<p>&nbsp;<\/p>\n<p>&nbsp;<\/p>\n","protected":false},"excerpt":{"rendered":"<p>L&rsquo;\u00e9dition 2025 du Concours national de la R\u00e9sistance et de la D\u00e9portation est \u00e0 marquer d&rsquo;une pierre blanche. Bien que le palmar\u00e8s ne sera officiellement connu qu&rsquo;\u00e0 partir de la rentr\u00e9e prochaine, une \u00e9l\u00e8ve de la classe d\u00e9fense a \u00e9t\u00e9&#8230; <a class=\"more-link\" href=\"http:\/\/collegealainfournierbordeaux.fr\/?p=5108\">Continue Reading &rarr;<\/a><\/p>\n","protected":false},"author":1,"featured_media":5113,"comment_status":"closed","ping_status":"open","sticky":false,"template":"","format":"standard","meta":{"footnotes":""},"categories":[1],"tags":[],"class_list":["post-5108","post","type-post","status-publish","format-standard","has-post-thumbnail","hentry","category-non-classe"],"_links":{"self":[{"href":"http:\/\/collegealainfournierbordeaux.fr\/index.php?rest_route=\/wp\/v2\/posts\/5108","targetHints":{"allow":["GET"]}}],"collection":[{"href":"http:\/\/collegealainfournierbordeaux.fr\/index.php?rest_route=\/wp\/v2\/posts"}],"about":[{"href":"http:\/\/collegealainfournierbordeaux.fr\/index.php?rest_route=\/wp\/v2\/types\/post"}],"author":[{"embeddable":true,"href":"http:\/\/collegealainfournierbordeaux.fr\/index.php?rest_route=\/wp\/v2\/users\/1"}],"replies":[{"embeddable":true,"href":"http:\/\/collegealainfournierbordeaux.fr\/index.php?rest_route=%2Fwp%2Fv2%2Fcomments&post=5108"}],"version-history":[{"count":6,"href":"http:\/\/collegealainfournierbordeaux.fr\/index.php?rest_route=\/wp\/v2\/posts\/5108\/revisions"}],"predecessor-version":[{"id":5119,"href":"http:\/\/collegealainfournierbordeaux.fr\/index.php?rest_route=\/wp\/v2\/posts\/5108\/revisions\/5119"}],"wp:featuredmedia":[{"embeddable":true,"href":"http:\/\/collegealainfournierbordeaux.fr\/index.php?rest_route=\/wp\/v2\/media\/5113"}],"wp:attachment":[{"href":"http:\/\/collegealainfournierbordeaux.fr\/index.php?rest_route=%2Fwp%2Fv2%2Fmedia&parent=5108"}],"wp:term":[{"taxonomy":"category","embeddable":true,"href":"http:\/\/collegealainfournierbordeaux.fr\/index.php?rest_route=%2Fwp%2Fv2%2Fcategories&post=5108"},{"taxonomy":"post_tag","embeddable":true,"href":"http:\/\/collegealainfournierbordeaux.fr\/index.php?rest_route=%2Fwp%2Fv2%2Ftags&post=5108"}],"curies":[{"name":"wp","href":"https:\/\/api.w.org\/{rel}","templated":true}]}}