{"id":5266,"date":"2025-10-16T22:00:34","date_gmt":"2025-10-16T20:00:34","guid":{"rendered":"http:\/\/collegealainfournierbordeaux.fr\/?p=5266"},"modified":"2025-10-17T09:16:12","modified_gmt":"2025-10-17T07:16:12","slug":"une-journee-engagee-pour-le-spirit-day-2025","status":"publish","type":"post","link":"http:\/\/collegealainfournierbordeaux.fr\/?p=5266","title":{"rendered":"Une journ\u00e9e consacr\u00e9e au Spirit Day"},"content":{"rendered":"<p style=\"text-align: left;\">Ce jeudi 16 octobre a \u00e9t\u00e9 consacr\u00e9 \u00e0 une information ayant comme objectif de lutter contre les discriminations dont sont victimes les personnes faisant partie des minorit\u00e9s sexuelles. Aid\u00e9 par des \u00e9l\u00e8ves volontaires, Mr Weil, le conseiller principal d&rsquo;\u00e9ducation, a anim\u00e9 un stand devant le bureau de la vie scolaire lors de la r\u00e9cr\u00e9ation du matin et de la pause m\u00e9ridienne pour effectuer de la pr\u00e9vention aupr\u00e8s de coll\u00e9giennes et coll\u00e9giens d\u00e9sirant obtenir des pr\u00e9cisions.<\/p>\n<p><img loading=\"lazy\" decoding=\"async\" class=\"alignnone size-full wp-image-5264\" src=\"http:\/\/saqsyxv.cluster030.hosting.ovh.net\/wp-content\/uploads\/2025\/10\/Spirituel-day-25.2-scaled.jpg\" alt=\"\" width=\"1744\" height=\"2560\" srcset=\"http:\/\/saqsyxv.cluster030.hosting.ovh.net\/wp-content\/uploads\/2025\/10\/Spirituel-day-25.2-scaled.jpg 1744w, http:\/\/saqsyxv.cluster030.hosting.ovh.net\/wp-content\/uploads\/2025\/10\/Spirituel-day-25.2-204x300.jpg 204w, http:\/\/saqsyxv.cluster030.hosting.ovh.net\/wp-content\/uploads\/2025\/10\/Spirituel-day-25.2-698x1024.jpg 698w, http:\/\/saqsyxv.cluster030.hosting.ovh.net\/wp-content\/uploads\/2025\/10\/Spirituel-day-25.2-768x1127.jpg 768w, http:\/\/saqsyxv.cluster030.hosting.ovh.net\/wp-content\/uploads\/2025\/10\/Spirituel-day-25.2-1047x1536.jpg 1047w, http:\/\/saqsyxv.cluster030.hosting.ovh.net\/wp-content\/uploads\/2025\/10\/Spirituel-day-25.2-1395x2048.jpg 1395w, http:\/\/saqsyxv.cluster030.hosting.ovh.net\/wp-content\/uploads\/2025\/10\/Spirituel-day-25.2-600x881.jpg 600w, http:\/\/saqsyxv.cluster030.hosting.ovh.net\/wp-content\/uploads\/2025\/10\/Spirituel-day-25.2-945x1387.jpg 945w\" sizes=\"auto, (max-width: 1744px) 100vw, 1744px\" \/><img loading=\"lazy\" decoding=\"async\" class=\"alignnone size-full wp-image-5265\" src=\"http:\/\/saqsyxv.cluster030.hosting.ovh.net\/wp-content\/uploads\/2025\/10\/Spirituel-day-25.3-scaled.jpg\" alt=\"\" width=\"1850\" height=\"2560\" srcset=\"http:\/\/saqsyxv.cluster030.hosting.ovh.net\/wp-content\/uploads\/2025\/10\/Spirituel-day-25.3-scaled.jpg 1850w, http:\/\/saqsyxv.cluster030.hosting.ovh.net\/wp-content\/uploads\/2025\/10\/Spirituel-day-25.3-217x300.jpg 217w, http:\/\/saqsyxv.cluster030.hosting.ovh.net\/wp-content\/uploads\/2025\/10\/Spirituel-day-25.3-740x1024.jpg 740w, http:\/\/saqsyxv.cluster030.hosting.ovh.net\/wp-content\/uploads\/2025\/10\/Spirituel-day-25.3-768x1063.jpg 768w, http:\/\/saqsyxv.cluster030.hosting.ovh.net\/wp-content\/uploads\/2025\/10\/Spirituel-day-25.3-1110x1536.jpg 1110w, http:\/\/saqsyxv.cluster030.hosting.ovh.net\/wp-content\/uploads\/2025\/10\/Spirituel-day-25.3-1480x2048.jpg 1480w, http:\/\/saqsyxv.cluster030.hosting.ovh.net\/wp-content\/uploads\/2025\/10\/Spirituel-day-25.3-600x830.jpg 600w, http:\/\/saqsyxv.cluster030.hosting.ovh.net\/wp-content\/uploads\/2025\/10\/Spirituel-day-25.3-945x1308.jpg 945w\" sizes=\"auto, (max-width: 1850px) 100vw, 1850px\" \/><\/p>\n","protected":false},"excerpt":{"rendered":"<p>Ce jeudi 16 octobre a \u00e9t\u00e9 consacr\u00e9 \u00e0 une information ayant comme objectif de lutter contre les discriminations dont sont victimes les personnes faisant partie des minorit\u00e9s sexuelles. Aid\u00e9 par des \u00e9l\u00e8ves volontaires, Mr Weil, le conseiller principal d&rsquo;\u00e9ducation, a&#8230; <a class=\"more-link\" href=\"http:\/\/collegealainfournierbordeaux.fr\/?p=5266\">Continue Reading &rarr;<\/a><\/p>\n","protected":false},"author":1,"featured_media":5263,"comment_status":"closed","ping_status":"open","sticky":false,"template":"","format":"standard","meta":{"footnotes":""},"categories":[1],"tags":[],"class_list":["post-5266","post","type-post","status-publish","format-standard","has-post-thumbnail","hentry","category-non-classe"],"_links":{"self":[{"href":"http:\/\/collegealainfournierbordeaux.fr\/index.php?rest_route=\/wp\/v2\/posts\/5266","targetHints":{"allow":["GET"]}}],"collection":[{"href":"http:\/\/collegealainfournierbordeaux.fr\/index.php?rest_route=\/wp\/v2\/posts"}],"about":[{"href":"http:\/\/collegealainfournierbordeaux.fr\/index.php?rest_route=\/wp\/v2\/types\/post"}],"author":[{"embeddable":true,"href":"http:\/\/collegealainfournierbordeaux.fr\/index.php?rest_route=\/wp\/v2\/users\/1"}],"replies":[{"embeddable":true,"href":"http:\/\/collegealainfournierbordeaux.fr\/index.php?rest_route=%2Fwp%2Fv2%2Fcomments&post=5266"}],"version-history":[{"count":6,"href":"http:\/\/collegealainfournierbordeaux.fr\/index.php?rest_route=\/wp\/v2\/posts\/5266\/revisions"}],"predecessor-version":[{"id":5276,"href":"http:\/\/collegealainfournierbordeaux.fr\/index.php?rest_route=\/wp\/v2\/posts\/5266\/revisions\/5276"}],"wp:featuredmedia":[{"embeddable":true,"href":"http:\/\/collegealainfournierbordeaux.fr\/index.php?rest_route=\/wp\/v2\/media\/5263"}],"wp:attachment":[{"href":"http:\/\/collegealainfournierbordeaux.fr\/index.php?rest_route=%2Fwp%2Fv2%2Fmedia&parent=5266"}],"wp:term":[{"taxonomy":"category","embeddable":true,"href":"http:\/\/collegealainfournierbordeaux.fr\/index.php?rest_route=%2Fwp%2Fv2%2Fcategories&post=5266"},{"taxonomy":"post_tag","embeddable":true,"href":"http:\/\/collegealainfournierbordeaux.fr\/index.php?rest_route=%2Fwp%2Fv2%2Ftags&post=5266"}],"curies":[{"name":"wp","href":"https:\/\/api.w.org\/{rel}","templated":true}]}}