{"id":6039,"date":"2026-03-12T14:09:13","date_gmt":"2026-03-12T13:09:13","guid":{"rendered":"http:\/\/collegealainfournierbordeaux.fr\/?p=6039"},"modified":"2026-03-18T10:16:31","modified_gmt":"2026-03-18T09:16:31","slug":"unss-volley-ball-nos-equipes-minimes-sur-le-podium-departemental","status":"publish","type":"post","link":"http:\/\/collegealainfournierbordeaux.fr\/?p=6039","title":{"rendered":"Volley-ball UNSS : nos \u00e9quipes minimes sur le podium d\u00e9partemental"},"content":{"rendered":"<p>Les \u00e9quipes minimes filles et gar\u00e7ons de volley-ball ont termin\u00e9, toutes les deux, \u00e0 la 3\u00e8me place des championnats de Gironde UNSS. Battues de peu en demi-finales par les futurs champions d\u00e9partementaux, nos deux \u00e9quipes ne se qualifient donc pas pour les championnats acad\u00e9miques. Bravo \u00e0 nos volleyeuses et volleyeurs tout de m\u00eame ! Et Merci \u00e0 Monsieur Zaragoza, professeur d&rsquo;EPS, pour le \u00ab\u00a0coaching\u00a0\u00bb.<\/p>\n<p><img loading=\"lazy\" decoding=\"async\" class=\"alignnone size-full wp-image-6038\" src=\"http:\/\/saqsyxv.cluster030.hosting.ovh.net\/wp-content\/uploads\/2026\/03\/Volley-26-scaled.jpeg\" alt=\"\" width=\"2560\" height=\"1196\" srcset=\"http:\/\/saqsyxv.cluster030.hosting.ovh.net\/wp-content\/uploads\/2026\/03\/Volley-26-scaled.jpeg 2560w, http:\/\/saqsyxv.cluster030.hosting.ovh.net\/wp-content\/uploads\/2026\/03\/Volley-26-300x140.jpeg 300w, http:\/\/saqsyxv.cluster030.hosting.ovh.net\/wp-content\/uploads\/2026\/03\/Volley-26-1024x478.jpeg 1024w, http:\/\/saqsyxv.cluster030.hosting.ovh.net\/wp-content\/uploads\/2026\/03\/Volley-26-768x359.jpeg 768w, http:\/\/saqsyxv.cluster030.hosting.ovh.net\/wp-content\/uploads\/2026\/03\/Volley-26-1536x717.jpeg 1536w, http:\/\/saqsyxv.cluster030.hosting.ovh.net\/wp-content\/uploads\/2026\/03\/Volley-26-2048x957.jpeg 2048w, http:\/\/saqsyxv.cluster030.hosting.ovh.net\/wp-content\/uploads\/2026\/03\/Volley-26-600x280.jpeg 600w, http:\/\/saqsyxv.cluster030.hosting.ovh.net\/wp-content\/uploads\/2026\/03\/Volley-26-945x441.jpeg 945w\" sizes=\"auto, (max-width: 2560px) 100vw, 2560px\" \/><\/p>\n","protected":false},"excerpt":{"rendered":"<p>Les \u00e9quipes minimes filles et gar\u00e7ons de volley-ball ont termin\u00e9, toutes les deux, \u00e0 la 3\u00e8me place des championnats de Gironde UNSS. Battues de peu en demi-finales par les futurs champions d\u00e9partementaux, nos deux \u00e9quipes ne se qualifient donc pas&#8230; <a class=\"more-link\" href=\"http:\/\/collegealainfournierbordeaux.fr\/?p=6039\">Continue Reading &rarr;<\/a><\/p>\n","protected":false},"author":1,"featured_media":6068,"comment_status":"closed","ping_status":"open","sticky":false,"template":"","format":"standard","meta":{"footnotes":""},"categories":[1],"tags":[],"class_list":["post-6039","post","type-post","status-publish","format-standard","has-post-thumbnail","hentry","category-non-classe"],"_links":{"self":[{"href":"http:\/\/collegealainfournierbordeaux.fr\/index.php?rest_route=\/wp\/v2\/posts\/6039","targetHints":{"allow":["GET"]}}],"collection":[{"href":"http:\/\/collegealainfournierbordeaux.fr\/index.php?rest_route=\/wp\/v2\/posts"}],"about":[{"href":"http:\/\/collegealainfournierbordeaux.fr\/index.php?rest_route=\/wp\/v2\/types\/post"}],"author":[{"embeddable":true,"href":"http:\/\/collegealainfournierbordeaux.fr\/index.php?rest_route=\/wp\/v2\/users\/1"}],"replies":[{"embeddable":true,"href":"http:\/\/collegealainfournierbordeaux.fr\/index.php?rest_route=%2Fwp%2Fv2%2Fcomments&post=6039"}],"version-history":[{"count":7,"href":"http:\/\/collegealainfournierbordeaux.fr\/index.php?rest_route=\/wp\/v2\/posts\/6039\/revisions"}],"predecessor-version":[{"id":6047,"href":"http:\/\/collegealainfournierbordeaux.fr\/index.php?rest_route=\/wp\/v2\/posts\/6039\/revisions\/6047"}],"wp:featuredmedia":[{"embeddable":true,"href":"http:\/\/collegealainfournierbordeaux.fr\/index.php?rest_route=\/wp\/v2\/media\/6068"}],"wp:attachment":[{"href":"http:\/\/collegealainfournierbordeaux.fr\/index.php?rest_route=%2Fwp%2Fv2%2Fmedia&parent=6039"}],"wp:term":[{"taxonomy":"category","embeddable":true,"href":"http:\/\/collegealainfournierbordeaux.fr\/index.php?rest_route=%2Fwp%2Fv2%2Fcategories&post=6039"},{"taxonomy":"post_tag","embeddable":true,"href":"http:\/\/collegealainfournierbordeaux.fr\/index.php?rest_route=%2Fwp%2Fv2%2Ftags&post=6039"}],"curies":[{"name":"wp","href":"https:\/\/api.w.org\/{rel}","templated":true}]}}