{"id":6409,"date":"2026-04-27T17:03:21","date_gmt":"2026-04-27T15:03:21","guid":{"rendered":"http:\/\/collegealainfournierbordeaux.fr\/?p=6409"},"modified":"2026-04-27T17:03:21","modified_gmt":"2026-04-27T15:03:21","slug":"la-3f-au-musba-pour-une-visite-thematique","status":"publish","type":"post","link":"http:\/\/collegealainfournierbordeaux.fr\/?p=6409","title":{"rendered":"La 3F au MusBA pour une visite th\u00e9matique"},"content":{"rendered":"<p>\u00ab\u00a0Ce lundi 20 Avril, notre classe est all\u00e9e au Mus\u00e9e des Beaux-Arts de Bordeaux pour la visite guid\u00e9e sur \u00ab\u00a0l&rsquo;art au prisme des in\u00e9galit\u00e9s hommes-femmes\u00a0\u00bb. Durant cette visite, nous avons pu voir de nombreuses \u0153uvres qui expriment un message diff\u00e9rent sur cette question. Nous avons vu notamment un portrait d&rsquo;\u00c9milie du Ch\u00e2telet, une femme du XVIII\u00e8me si\u00e8cle. qui s&rsquo;int\u00e9resse \u00e0 l&rsquo;astronomie et qui est math\u00e9maticienne. Elle s&rsquo;est fait repr\u00e9senter avec un compas symbolisant les math\u00e9matiques dans sa main droite, un astroglobe, des livres et une \u00e9querre derri\u00e8re elle. Elle a aussi une fleur dans sa main gauche symbolisant sa puret\u00e9 (et sa jeunesse et sa beaut\u00e9 passag\u00e8res). Malheureusement, m\u00eame si elle a \u00e9t\u00e9 tr\u00e8s importante dans l&rsquo;histoire des math\u00e9matiques, elle est surtout connue comme la ma\u00eetresse de Voltaire. Cette sortie au MusBA a contribu\u00e9 \u00e0 enrichir notre culture g\u00e9n\u00e9rale tout en nous permettant d&rsquo;appr\u00e9hender plus finement les in\u00e9galit\u00e9s entre les sexes dans les \u0153uvres des diff\u00e9rentes \u00e9poques.\u00a0\u00bb<\/p>\n<p><span data-olk-copy-source=\"MessageBody\">Tristan et Tasnime de 3F (classe de Madame Dulout, professeure de fran\u00e7ais)<\/span><\/p>\n<p><a href=\"https:\/\/www.musba-bordeaux.fr\/collections-expos\/collections-permanentes\/lhomme-des-lumieres-lart-europeen-du-18e-siecle\" target=\"_blank\" rel=\"noopener\">https:\/\/www.musba-bordeaux.fr\/collections-expos\/collections-permanentes\/lhomme-des-lumieres-lart-europeen-du-18e-siecle<\/a><\/p>\n<p><img loading=\"lazy\" decoding=\"async\" class=\"alignnone size-full wp-image-6410\" src=\"http:\/\/saqsyxv.cluster030.hosting.ovh.net\/wp-content\/uploads\/2026\/04\/Musba-18eme-2026-1.jpeg\" alt=\"\" width=\"1090\" height=\"1378\" srcset=\"http:\/\/saqsyxv.cluster030.hosting.ovh.net\/wp-content\/uploads\/2026\/04\/Musba-18eme-2026-1.jpeg 1090w, http:\/\/saqsyxv.cluster030.hosting.ovh.net\/wp-content\/uploads\/2026\/04\/Musba-18eme-2026-1-237x300.jpeg 237w, http:\/\/saqsyxv.cluster030.hosting.ovh.net\/wp-content\/uploads\/2026\/04\/Musba-18eme-2026-1-810x1024.jpeg 810w, http:\/\/saqsyxv.cluster030.hosting.ovh.net\/wp-content\/uploads\/2026\/04\/Musba-18eme-2026-1-768x971.jpeg 768w, http:\/\/saqsyxv.cluster030.hosting.ovh.net\/wp-content\/uploads\/2026\/04\/Musba-18eme-2026-1-600x759.jpeg 600w, http:\/\/saqsyxv.cluster030.hosting.ovh.net\/wp-content\/uploads\/2026\/04\/Musba-18eme-2026-1-945x1195.jpeg 945w\" sizes=\"auto, (max-width: 1090px) 100vw, 1090px\" \/><\/p>\n","protected":false},"excerpt":{"rendered":"<p>\u00ab\u00a0Ce lundi 20 Avril, notre classe est all\u00e9e au Mus\u00e9e des Beaux-Arts de Bordeaux pour la visite guid\u00e9e sur \u00ab\u00a0l&rsquo;art au prisme des in\u00e9galit\u00e9s hommes-femmes\u00a0\u00bb. Durant cette visite, nous avons pu voir de nombreuses \u0153uvres qui expriment un message diff\u00e9rent&#8230; <a class=\"more-link\" href=\"http:\/\/collegealainfournierbordeaux.fr\/?p=6409\">Continue Reading &rarr;<\/a><\/p>\n","protected":false},"author":1,"featured_media":6411,"comment_status":"closed","ping_status":"open","sticky":false,"template":"","format":"standard","meta":{"footnotes":""},"categories":[1],"tags":[],"class_list":["post-6409","post","type-post","status-publish","format-standard","has-post-thumbnail","hentry","category-non-classe"],"_links":{"self":[{"href":"http:\/\/collegealainfournierbordeaux.fr\/index.php?rest_route=\/wp\/v2\/posts\/6409","targetHints":{"allow":["GET"]}}],"collection":[{"href":"http:\/\/collegealainfournierbordeaux.fr\/index.php?rest_route=\/wp\/v2\/posts"}],"about":[{"href":"http:\/\/collegealainfournierbordeaux.fr\/index.php?rest_route=\/wp\/v2\/types\/post"}],"author":[{"embeddable":true,"href":"http:\/\/collegealainfournierbordeaux.fr\/index.php?rest_route=\/wp\/v2\/users\/1"}],"replies":[{"embeddable":true,"href":"http:\/\/collegealainfournierbordeaux.fr\/index.php?rest_route=%2Fwp%2Fv2%2Fcomments&post=6409"}],"version-history":[{"count":1,"href":"http:\/\/collegealainfournierbordeaux.fr\/index.php?rest_route=\/wp\/v2\/posts\/6409\/revisions"}],"predecessor-version":[{"id":6412,"href":"http:\/\/collegealainfournierbordeaux.fr\/index.php?rest_route=\/wp\/v2\/posts\/6409\/revisions\/6412"}],"wp:featuredmedia":[{"embeddable":true,"href":"http:\/\/collegealainfournierbordeaux.fr\/index.php?rest_route=\/wp\/v2\/media\/6411"}],"wp:attachment":[{"href":"http:\/\/collegealainfournierbordeaux.fr\/index.php?rest_route=%2Fwp%2Fv2%2Fmedia&parent=6409"}],"wp:term":[{"taxonomy":"category","embeddable":true,"href":"http:\/\/collegealainfournierbordeaux.fr\/index.php?rest_route=%2Fwp%2Fv2%2Fcategories&post=6409"},{"taxonomy":"post_tag","embeddable":true,"href":"http:\/\/collegealainfournierbordeaux.fr\/index.php?rest_route=%2Fwp%2Fv2%2Ftags&post=6409"}],"curies":[{"name":"wp","href":"https:\/\/api.w.org\/{rel}","templated":true}]}}