{"id":6996,"date":"2026-09-03T17:53:48","date_gmt":"2026-09-03T15:53:48","guid":{"rendered":"http:\/\/collegealainfournierbordeaux.fr\/?p=6996"},"modified":"2026-09-03T17:54:54","modified_gmt":"2026-09-03T15:54:54","slug":"les-voeux-de-rentree-de-monsieur-brochon","status":"publish","type":"post","link":"http:\/\/collegealainfournierbordeaux.fr\/?p=6996","title":{"rendered":"Les v\u0153ux de rentr\u00e9e de Monsieur le Principal"},"content":{"rendered":"<p>Madame, Monsieur, chers \u00e9l\u00e8ves,<\/p>\n<p>Au nom de l&rsquo;ensemble des \u00e9quipes du coll\u00e8ge Alain-Fournier, je me permets de vous souhaiter \u00e0 toutes et tous une belle rentr\u00e9e scolaire.<br \/>\nJe formule le souhait que cette ann\u00e9e scolaire soit pour chacun des \u00e9l\u00e8ves, un temps de d\u00e9couvertes et d&rsquo;apprentissage riche et vari\u00e9. Je souhaite que chacun puisse cultiver sa curiosit\u00e9 d&rsquo;apprendre et sa volont\u00e9 de s&rsquo;engager pour d\u00e9couvrir avec confiance ses propres capacit\u00e9s ; pour nouer de solides coop\u00e9rations dans le respect avec ses camarades ; pour construire ses parcours et s&rsquo;engager vers l&rsquo;avenir au coll\u00e8ge et au del\u00e0.<\/p>\n<p>Encore une fois, belle rentr\u00e9e 2026.<\/p>\n<p>Le Principal, M. Brochon<\/p>\n","protected":false},"excerpt":{"rendered":"<p>Madame, Monsieur, chers \u00e9l\u00e8ves, Au nom de l&rsquo;ensemble des \u00e9quipes du coll\u00e8ge Alain-Fournier, je me permets de vous souhaiter \u00e0 toutes et tous une belle rentr\u00e9e scolaire. Je formule le souhait que cette ann\u00e9e scolaire soit pour chacun des \u00e9l\u00e8ves,&#8230; <a class=\"more-link\" href=\"http:\/\/collegealainfournierbordeaux.fr\/?p=6996\">Continue Reading &rarr;<\/a><\/p>\n","protected":false},"author":1,"featured_media":2426,"comment_status":"closed","ping_status":"open","sticky":false,"template":"","format":"standard","meta":{"footnotes":""},"categories":[1],"tags":[],"class_list":["post-6996","post","type-post","status-publish","format-standard","has-post-thumbnail","hentry","category-non-classe"],"_links":{"self":[{"href":"http:\/\/collegealainfournierbordeaux.fr\/index.php?rest_route=\/wp\/v2\/posts\/6996","targetHints":{"allow":["GET"]}}],"collection":[{"href":"http:\/\/collegealainfournierbordeaux.fr\/index.php?rest_route=\/wp\/v2\/posts"}],"about":[{"href":"http:\/\/collegealainfournierbordeaux.fr\/index.php?rest_route=\/wp\/v2\/types\/post"}],"author":[{"embeddable":true,"href":"http:\/\/collegealainfournierbordeaux.fr\/index.php?rest_route=\/wp\/v2\/users\/1"}],"replies":[{"embeddable":true,"href":"http:\/\/collegealainfournierbordeaux.fr\/index.php?rest_route=%2Fwp%2Fv2%2Fcomments&post=6996"}],"version-history":[{"count":3,"href":"http:\/\/collegealainfournierbordeaux.fr\/index.php?rest_route=\/wp\/v2\/posts\/6996\/revisions"}],"predecessor-version":[{"id":6999,"href":"http:\/\/collegealainfournierbordeaux.fr\/index.php?rest_route=\/wp\/v2\/posts\/6996\/revisions\/6999"}],"wp:featuredmedia":[{"embeddable":true,"href":"http:\/\/collegealainfournierbordeaux.fr\/index.php?rest_route=\/wp\/v2\/media\/2426"}],"wp:attachment":[{"href":"http:\/\/collegealainfournierbordeaux.fr\/index.php?rest_route=%2Fwp%2Fv2%2Fmedia&parent=6996"}],"wp:term":[{"taxonomy":"category","embeddable":true,"href":"http:\/\/collegealainfournierbordeaux.fr\/index.php?rest_route=%2Fwp%2Fv2%2Fcategories&post=6996"},{"taxonomy":"post_tag","embeddable":true,"href":"http:\/\/collegealainfournierbordeaux.fr\/index.php?rest_route=%2Fwp%2Fv2%2Ftags&post=6996"}],"curies":[{"name":"wp","href":"https:\/\/api.w.org\/{rel}","templated":true}]}}